{"id":1192,"date":"2014-05-07T11:27:45","date_gmt":"2014-05-07T10:27:45","guid":{"rendered":"http:\/\/www.arkiplot.com\/arkiplotblog\/?p=1192"},"modified":"2014-05-07T11:27:45","modified_gmt":"2014-05-07T10:27:45","slug":"la-fiesta-del-personalizado-caravaca-de-la-cruz","status":"publish","type":"post","link":"https:\/\/www.arkiplot.com\/arkiplotblog\/2014\/05\/07\/la-fiesta-del-personalizado-caravaca-de-la-cruz\/","title":{"rendered":"La Fiesta del personalizado &#8211; Caravaca de la Cruz."},"content":{"rendered":"<h2>Fiestas en honor a la Sant\u00edsima y Vera Cruz.<\/h2>\n<p><img loading=\"lazy\" decoding=\"async\" class=\"alignleft size-medium wp-image-1194\" alt=\"carrera\" src=\"http:\/\/arkiplot.com\/arkiplotblog\/wp-content\/uploads\/2014\/05\/carrera-222x300.jpg\" width=\"222\" height=\"300\" srcset=\"https:\/\/www.arkiplot.com\/arkiplotblog\/wp-content\/uploads\/2014\/05\/carrera-222x300.jpg 222w, https:\/\/www.arkiplot.com\/arkiplotblog\/wp-content\/uploads\/2014\/05\/carrera.jpg 355w\" sizes=\"auto, (max-width: 222px) 100vw, 222px\" \/><\/p>\n<p>Caravaca de la Cruz 2014. Como cada a\u00f1o, desde hace m\u00e1s de tres siglos, del 1 al 5 de Mayo, han tenido lugar las fiestas patronales de Caravaca de la Cruz, con los bandos: Caballos del Vino, Moros y Cristianos, festejos \u00fanicos en el mundo, declarados de <b>Inter\u00e9s Tur\u00edstico Internacional<\/b>.<\/p>\n<p>Las fiestas rememoran una tradici\u00f3n que encuentra sus ra\u00edces en la Edad Media, cuando la localidad murciana era tierra fronteriza con el Reino Nazar\u00ed de Granada.<\/p>\n<p>Confluyen en este festejo una serie de elementos sociales, culturales, hist\u00f3ricos, religiosos y tradicionales que superan el simple evento festivo y lo convierten en una <b>manifestaci\u00f3n antropol\u00f3gica reconocida como \u00fanica en el mundo<\/b>.<\/p>\n<p><b>M\u00e1s de 150.000 personas <\/b>acuden cada a\u00f1o para presenciar un <b>festejo ins\u00f3lito y pasional.<\/b><\/p>\n<p>El momento m\u00e1s esperado por los miles de visitantes llegados de todas partes es la <b>m\u00edtica carrera de los Caballos del Vino <\/b>la ma\u00f1ana del 2 de mayo. Cuatro mozos recorren en pocos segundos, asidos al caballo, una distancia de 80 metros en cuesta hasta alcanzar la explanada del Castillo, rememorando as\u00ed el momento en que los templarios rompieron el cerco moro introduciendo en el recinto unos pellejos de vino para sanar a los enfermos prisioneros.<\/p>\n<p>La carrera transcurre en menos de diez segundos, <b>instantes intensos y desbocados <\/b>protagonizados por cuatro hombres y el caballo que se abren paso entre una multitud de personas. Se trata de un <b>espect\u00e1culo lleno de color y calor<\/b>, en el que s\u00f3lo alcanzan el \u00e9xito aquellos que completan la carrera sin soltarse del animal y realizando el menor tiempo entre las sesenta <b>pe\u00f1as caballistas participantes <\/b>en el festejo.<\/p>\n<p>Los Caballos del Vino van <b>engalanados <\/b>con ricas y costosas ropas bordadas a mano pacientemente con hilos de oro y plata y pedrer\u00eda, compitiendo en originalidad en el <b>Concurso de Enjaezamiento<\/b>.Toda esta personalizaci\u00f3n es totalmente artesanal y constituye una industria en s\u00ed misma.<\/p>\n<h2>Las fiestas del personalizado<\/h2>\n<p>Tanto durante estos d\u00edas de fiesta, como en las llamadas prefiestas, se pueden admirar la gran cantidad de camisetas personalizadas seg\u00fan su pertenencia a grupos moros o cristianos, pe\u00f1as caballistas o pe\u00f1as migueras.<\/p>\n<p style=\"text-align: left;\"><img loading=\"lazy\" decoding=\"async\" class=\"aligncenter  wp-image-1197\" alt=\"camisetacaballos\" src=\"http:\/\/arkiplot.com\/arkiplotblog\/wp-content\/uploads\/2014\/05\/camisetacaballos-300x200.jpg\" width=\"600\" height=\"400\" srcset=\"https:\/\/www.arkiplot.com\/arkiplotblog\/wp-content\/uploads\/2014\/05\/camisetacaballos-300x200.jpg 300w, https:\/\/www.arkiplot.com\/arkiplotblog\/wp-content\/uploads\/2014\/05\/camisetacaballos-768x512.jpg 768w, https:\/\/www.arkiplot.com\/arkiplotblog\/wp-content\/uploads\/2014\/05\/camisetacaballos.jpg 1024w\" sizes=\"auto, (max-width: 600px) 100vw, 600px\" \/><\/p>\n<p style=\"text-align: left;\">No hemos visto en toda Espa\u00f1a, una pasi\u00f3n tan fervorosa por manifestar su pertenencia al grupo como \u00a0el pueblo de Caravaca a trav\u00e9s del dise\u00f1o, color, imaginaci\u00f3n y motivos festivos de sus camisetas ultrapersonalizadas.<\/p>\n<p>Todo ello har\u00eda las\u00a0 delicias\u00a0 de cualquier ser\u00edgrafo o t\u00e9cnico en personalizado textil. Abundaban personalizados en vinilo textil con colores b\u00e1sicos y metalizados, flock imprimibles, acabados en serigraf\u00eda y mucho transfer l\u00e1ser. Cada participante puede llegar a adquirir en una misma temporada de fiestas, hasta 3 modelos de camisetas incluso con complementos, gorras, pa\u00f1uelos, fajas, diademas, etc., camisa y pa\u00f1uelo de caballista personalizado con el nombre de la pe\u00f1a&#8230;<\/p>\n<p><img loading=\"lazy\" decoding=\"async\" class=\"alignright\" alt=\"cartel de las fiestas\" src=\"http:\/\/arkiplot.com\/arkiplotblog\/wp-content\/uploads\/2014\/05\/kukumuchu-211x300.jpg\" width=\"169\" height=\"240\" \/>Este a\u00f1o, como no pod\u00eda ser de otra forma, el cartel de las fiestas lo ha realizado el director creativo de la\u00a0famosa empresa navarra de personalizados <strong>Kukuxumusu, \u00a0Mikel Urmeneta<\/strong>, que desde 1989 viene personalizando con humor y diversi\u00f3n, \u00e9l y su equipo, todo tipo de objetos, camisetas, paraguas,\u00a0 baberos, gafas, papel de fumar, preservativos, gorras, fundas de m\u00f3vil, bragas, mochilas&#8230;etc.<\/p>\n<p>Esta joven empresa ha demostrado que con mucho arte e imaginaci\u00f3n se puede vivir del personalizado, con un mercado incluso internacional, y representa un claro ejemplo para los profesionales del sector.<\/p>\n<p><img loading=\"lazy\" decoding=\"async\" alt=\"kukumusu\" src=\"http:\/\/arkiplot.com\/arkiplotblog\/wp-content\/uploads\/2014\/05\/kukumusu-300x220.jpg\" width=\"270\" height=\"198\" \/><\/p>\n<p>&nbsp;<\/p>\n<p><strong>Arkiplot.com<\/strong> tiene a disposici\u00f3n de los profesionales del personalizado, maquinaria y consumibles que le permitir\u00e1n abordar distintas t\u00e9cnicas:<\/p>\n<ul>\n<li><a title=\"Impresoras para personalizar algod\u00f3n y poliester\" href=\"http:\/\/www.arkiplot.com\/listado.asp?id=62\" target=\"_blank\">Impresoras para personalizar algod\u00f3n y poliester<\/a><\/li>\n<li><a title=\"Gran formato para el personalizado de productos por sublimaci\u00f3n\" href=\"http:\/\/www.arkiplot.com\/listado.asp?id=63\" target=\"_blank\">Plotter para sublimaci\u00f3n hasta de 1,624m<\/a>.<\/li>\n<li><a title=\"Plotter de corte para el contorneo de vinilos textiles, flock, etc.\" href=\"http:\/\/www.arkiplot.com\/principal.asp?id=10\" target=\"_blank\">Plotter de corte<\/a><\/li>\n<li><a title=\"Planchas y calandras para transferencias\" href=\"http:\/\/www.arkiplot.com\/principal.asp?id=46\" target=\"_blank\">Planchas y calandras<\/a><\/li>\n<li><a title=\"Tinta para algod\u00f3n y poliester\" href=\"http:\/\/www.arkiplot.com\/principal.asp?id=44\" target=\"_blank\">Tinta para Sublimaci\u00f3n<\/a><\/li>\n<li><a title=\"Transfer chromablast, para sublimaci\u00f3n, l\u00e1ser y vinilos textiles\" href=\"http:\/\/www.arkiplot.com\/principal.asp?id=45\" target=\"_blank\">Transfer y Vin\u00edlo textil<\/a><\/li>\n<\/ul>\n<h3 class='related_post_title'>Art\u00edculos y noticias relacionadas:<\/h3><ul class='related_post'><li><a href=\"https:\/\/www.arkiplot.com\/arkiplotblog\/2025\/04\/24\/fiestas-de-caravaca-de-la-cruz-2025\/\" title=\"Fiestas de Caravaca de la Cruz 2025\">Fiestas de Caravaca de la Cruz 2025<\/a><\/li><li><a href=\"https:\/\/www.arkiplot.com\/arkiplotblog\/2023\/04\/27\/fiestas-de-caravaca-de-la-cruz-2023\/\" title=\"Fiestas de Caravaca de la Cruz 2023\">Fiestas de Caravaca de la Cruz 2023<\/a><\/li><li><a href=\"https:\/\/www.arkiplot.com\/arkiplotblog\/2019\/04\/30\/fiestas-de-caravaca-de-la-cruz-2019\/\" title=\"Fiestas de Caravaca de la Cruz 2019\">Fiestas de Caravaca de la Cruz 2019<\/a><\/li><li><a href=\"https:\/\/www.arkiplot.com\/arkiplotblog\/2018\/04\/30\/fiestas-de-caravaca-de-la-cruz-2018\/\" title=\"Fiestas de Caravaca de la Cruz 2018\">Fiestas de Caravaca de la Cruz 2018<\/a><\/li><li><a href=\"https:\/\/www.arkiplot.com\/arkiplotblog\/2023\/02\/15\/nuevo-catalogo-sublimacion-2023\/\" title=\"Nuevo cat\u00e1logo Sublimaci\u00f3n 2023\">Nuevo cat\u00e1logo Sublimaci\u00f3n 2023<\/a><\/li><li><a href=\"https:\/\/www.arkiplot.com\/arkiplotblog\/2018\/02\/22\/nuevo-catalogo-sublimacion-2016-2\/\" title=\"Nuevo cat\u00e1logo sublimaci\u00f3n 2018\">Nuevo cat\u00e1logo sublimaci\u00f3n 2018<\/a><\/li><li><a href=\"https:\/\/www.arkiplot.com\/arkiplotblog\/2016\/01\/18\/presentacion-de-los-plotters-de-corte-serie-expert-ii-lx\/\" title=\"Presentaci\u00f3n de los plotters de corte serie Expert II LX\">Presentaci\u00f3n de los plotters de corte serie Expert II LX<\/a><\/li><li><a href=\"https:\/\/www.arkiplot.com\/arkiplotblog\/2025\/09\/22\/arkipress-24apd-productividad-y-precision-en-cada-transferencia\/\" title=\"ArkiPress 24APD, productividad y precisi\u00f3n en cada transferencia\">ArkiPress 24APD, productividad y precisi\u00f3n en cada transferencia<\/a><\/li><\/ul>","protected":false},"excerpt":{"rendered":"<p>Fiestas en honor a la Sant\u00edsima y Vera Cruz. Caravaca de la Cruz 2014. Como cada a\u00f1o, desde hace m\u00e1s de tres siglos, del 1 al 5 de Mayo, han&#8230;<\/p>\n","protected":false},"author":1,"featured_media":1207,"comment_status":"closed","ping_status":"closed","sticky":false,"template":"","format":"standard","meta":{"_acf_changed":false,"footnotes":""},"categories":[23,35],"tags":[80,88,25,47,78],"class_list":["post-1192","post","type-post","status-publish","format-standard","has-post-thumbnail","hentry","category-noticias_sublimacion","category-otras_noticias","tag-chromablast","tag-forever","tag-sublimacion","tag-transfer","tag-vinilo"],"acf":[],"_links":{"self":[{"href":"https:\/\/www.arkiplot.com\/arkiplotblog\/wp-json\/wp\/v2\/posts\/1192","targetHints":{"allow":["GET"]}}],"collection":[{"href":"https:\/\/www.arkiplot.com\/arkiplotblog\/wp-json\/wp\/v2\/posts"}],"about":[{"href":"https:\/\/www.arkiplot.com\/arkiplotblog\/wp-json\/wp\/v2\/types\/post"}],"author":[{"embeddable":true,"href":"https:\/\/www.arkiplot.com\/arkiplotblog\/wp-json\/wp\/v2\/users\/1"}],"replies":[{"embeddable":true,"href":"https:\/\/www.arkiplot.com\/arkiplotblog\/wp-json\/wp\/v2\/comments?post=1192"}],"version-history":[{"count":0,"href":"https:\/\/www.arkiplot.com\/arkiplotblog\/wp-json\/wp\/v2\/posts\/1192\/revisions"}],"wp:featuredmedia":[{"embeddable":true,"href":"https:\/\/www.arkiplot.com\/arkiplotblog\/wp-json\/wp\/v2\/media\/1207"}],"wp:attachment":[{"href":"https:\/\/www.arkiplot.com\/arkiplotblog\/wp-json\/wp\/v2\/media?parent=1192"}],"wp:term":[{"taxonomy":"category","embeddable":true,"href":"https:\/\/www.arkiplot.com\/arkiplotblog\/wp-json\/wp\/v2\/categories?post=1192"},{"taxonomy":"post_tag","embeddable":true,"href":"https:\/\/www.arkiplot.com\/arkiplotblog\/wp-json\/wp\/v2\/tags?post=1192"}],"curies":[{"name":"wp","href":"https:\/\/api.w.org\/{rel}","templated":true}]}}