{"id":13859,"date":"2023-02-22T09:57:31","date_gmt":"2023-02-22T08:57:31","guid":{"rendered":"https:\/\/www.arkiplot.com\/arkiplotblog\/?p=13859"},"modified":"2023-02-23T10:42:44","modified_gmt":"2023-02-23T09:42:44","slug":"marcha-solidaria-por-mozambique","status":"publish","type":"post","link":"https:\/\/www.arkiplot.com\/arkiplotblog\/2023\/02\/22\/marcha-solidaria-por-mozambique\/","title":{"rendered":"Marcha Solidaria por MOZAMBIQUE"},"content":{"rendered":"<h1 class=\"entry-title\">III Marcha Solidaria de la ONG Delwende: CARAVACA EN MARCHA POR MOZAMBIQUE<\/h1>\n<p>El pr\u00f3ximo domingo\u00a0<strong>26 de marzo de 2023<\/strong>\u00a0a las 10 horas tendr\u00e1 lugar la\u00a0<strong>III Marcha Solidaria de la ONG Delwende: CARAVACA EN MARCHA POR MOZAMBIQUE<\/strong>, un evento solidario para ni\u00f1os, j\u00f3venes y adultos que esponsoriza <strong>Arkiplot<\/strong>.<\/p>\n<p>En la \u00faltima edici\u00f3n, previa a la pandemia, m\u00e1s de 1.300 personas participaron en la <a href=\"https:\/\/www.arkiplot.com\/arkiplotblog\/2019\/02\/01\/marcha-por-venezuela\/\" target=\"_blank\" rel=\"noopener\"><em><strong><span style=\"text-decoration: underline;\">Marcha por Venezuela<\/span><\/strong><\/em><\/a> de la que tambi\u00e9n colaboramos.\u00a0 En esta ocasi\u00f3n, el\u00a0<b>lema escogido es \u2018La mujer un Mozambique, apostando su futuro\u2019<\/b>, el objetivo pasa por recaudar fondos para colaborar en la construcci\u00f3n de un centro de acogida y formaci\u00f3n acad\u00e9mica que permita a treinta j\u00f3venes de este pa\u00eds africano continuar cursando estudios.<\/p>\n<p><img decoding=\"async\" src=\"https:\/\/www.la7tv.es\/asset\/zoomcrop,992,558,center,center\/media\/la7tv\/images\/2023\/02\/08\/2023020812022237653.jpg\" alt=\"Presentaci\u00f3n de la marcha solidaria de la ONG Delwende\" \/><\/p>\n<p>El evento solidario pretende vivir una ma\u00f1ana de convivencia, en familia y con amigos de una manera divertida con el objetivo de ayudar a <strong>construir un centro de acogida y promoci\u00f3n acad\u00e9mica de chicas\u00a0<\/strong>que la ONG Delwende est\u00e1 construyendo en\u00a0<strong>Furancundo (Mozambique).<\/strong><\/p>\n<p>L<b>a ONG Delwende, vinculada las Hermanas de la Consolaci\u00f3n, lleva trabajando 26 a\u00f1os con proyectos en distintos pa\u00edses<\/b> en las zonas m\u00e1s desfavorecidas. En concreto, en Furancundo (Mozambique), donde se est\u00e1 construyendo el citado centro de acogida y promoci\u00f3n acad\u00e9mica, est\u00e1 colaborando desde 2018, tiempo en el que han tenido ocasi\u00f3n de salir a las diferentes comunidades y conocer de cerca las realidades cruciales que ponen a las ni\u00f1as y ni\u00f1os, adolescentes y j\u00f3venes \u2013<strong>especialmente las chicas<\/strong>\u2013 en situaci\u00f3n de riesgo. Algunos de los problemas vividos por las personas de estas regiones son la falta de oportunidades y de acceso a los recursos b\u00e1sicos tales como la alimentaci\u00f3n, la escolarizaci\u00f3n, la asistencia m\u00e9dica, la formaci\u00f3n profesional, el empleo, que a su vez genera el problema de los matrimonios prematuros de la mayor\u00eda de las muchachas porque las familias y la sociedad se han acostumbrado as\u00ed debido a la falta de otros recursos.<\/p>\n<p><strong>Delwende con la colaboraci\u00f3n de todos quiere construir un hogar<\/strong> que acoger\u00e1 a 30 chicas que no tendr\u00edan oportunidades para estudios del segundo grado. Las acompa\u00f1ar\u00e1n en su proceso acad\u00e9mico y en su educaci\u00f3n integral para que posteriormente puedan acceder a los estudios superiores o bien a un empleo, con el fin de ofrecerles, capacitaci\u00f3n profesional.<\/p>\n<p>Desde la ONG Delwende se solicita la colaboraci\u00f3n de todas las familias y os animamos para que particip\u00e9is en dicha marcha rellenando la<strong>\u00a0<\/strong><strong><u>inscripci\u00f3n\u00a0<\/u><\/strong><strong><u>en la web marcha.consolacioncaravaca.com<\/u><\/strong>\u00a0<strong>(<\/strong><strong>7<\/strong><strong> euros incluyendo camiseta, almuerzo y regalos)<\/strong>. Quien quiera participar desde la fila cero tambi\u00e9n podr\u00e1 realizar su contribuci\u00f3n.<\/p>\n<h3 class='related_post_title'>Art\u00edculos y noticias relacionadas:<\/h3><ul class='related_post'><li><a href=\"https:\/\/www.arkiplot.com\/arkiplotblog\/2019\/02\/01\/marcha-por-venezuela\/\" title=\"Marcha por Venezuela\">Marcha por Venezuela<\/a><\/li><\/ul>","protected":false},"excerpt":{"rendered":"<p>III Marcha Solidaria de la ONG Delwende: CARAVACA EN MARCHA POR MOZAMBIQUE El pr\u00f3ximo domingo\u00a026 de marzo de 2023\u00a0a las 10 horas tendr\u00e1 lugar la\u00a0III Marcha Solidaria de la ONG&#8230;<\/p>\n","protected":false},"author":1,"featured_media":13861,"comment_status":"closed","ping_status":"closed","sticky":false,"template":"","format":"standard","meta":{"_acf_changed":false,"footnotes":""},"categories":[43],"tags":[427],"class_list":["post-13859","post","type-post","status-publish","format-standard","has-post-thumbnail","hentry","category-sin-categoria","tag-ong"],"acf":[],"_links":{"self":[{"href":"https:\/\/www.arkiplot.com\/arkiplotblog\/wp-json\/wp\/v2\/posts\/13859","targetHints":{"allow":["GET"]}}],"collection":[{"href":"https:\/\/www.arkiplot.com\/arkiplotblog\/wp-json\/wp\/v2\/posts"}],"about":[{"href":"https:\/\/www.arkiplot.com\/arkiplotblog\/wp-json\/wp\/v2\/types\/post"}],"author":[{"embeddable":true,"href":"https:\/\/www.arkiplot.com\/arkiplotblog\/wp-json\/wp\/v2\/users\/1"}],"replies":[{"embeddable":true,"href":"https:\/\/www.arkiplot.com\/arkiplotblog\/wp-json\/wp\/v2\/comments?post=13859"}],"version-history":[{"count":2,"href":"https:\/\/www.arkiplot.com\/arkiplotblog\/wp-json\/wp\/v2\/posts\/13859\/revisions"}],"predecessor-version":[{"id":13876,"href":"https:\/\/www.arkiplot.com\/arkiplotblog\/wp-json\/wp\/v2\/posts\/13859\/revisions\/13876"}],"wp:featuredmedia":[{"embeddable":true,"href":"https:\/\/www.arkiplot.com\/arkiplotblog\/wp-json\/wp\/v2\/media\/13861"}],"wp:attachment":[{"href":"https:\/\/www.arkiplot.com\/arkiplotblog\/wp-json\/wp\/v2\/media?parent=13859"}],"wp:term":[{"taxonomy":"category","embeddable":true,"href":"https:\/\/www.arkiplot.com\/arkiplotblog\/wp-json\/wp\/v2\/categories?post=13859"},{"taxonomy":"post_tag","embeddable":true,"href":"https:\/\/www.arkiplot.com\/arkiplotblog\/wp-json\/wp\/v2\/tags?post=13859"}],"curies":[{"name":"wp","href":"https:\/\/api.w.org\/{rel}","templated":true}]}}