{"id":17651,"date":"2025-09-17T11:14:36","date_gmt":"2025-09-17T10:14:36","guid":{"rendered":"https:\/\/www.arkiplot.com\/arkiplotblog\/?p=17651"},"modified":"2025-09-17T11:14:36","modified_gmt":"2025-09-17T10:14:36","slug":"arkiplot-y-canon-te-esperan-en-el-evento-fotografico-del-ano-photomurcia-2025","status":"publish","type":"post","link":"https:\/\/www.arkiplot.com\/arkiplotblog\/2025\/09\/17\/arkiplot-y-canon-te-esperan-en-el-evento-fotografico-del-ano-photomurcia-2025\/","title":{"rendered":"Arkiplot y Canon te esperan en el evento fotogr\u00e1fico del a\u00f1o: PhotoMurcia 2025"},"content":{"rendered":"<p><img loading=\"lazy\" decoding=\"async\" class=\"size-full wp-image-17663 aligncenter\" src=\"https:\/\/www.arkiplot.com\/arkiplotblog\/wp-content\/uploads\/2025\/09\/photomurcia3.png\" alt=\"\" width=\"666\" height=\"376\" srcset=\"https:\/\/www.arkiplot.com\/arkiplotblog\/wp-content\/uploads\/2025\/09\/photomurcia3.png 666w, https:\/\/www.arkiplot.com\/arkiplotblog\/wp-content\/uploads\/2025\/09\/photomurcia3-300x170.png 300w, https:\/\/www.arkiplot.com\/arkiplotblog\/wp-content\/uploads\/2025\/09\/photomurcia3-70x40.png 70w\" sizes=\"auto, (max-width: 666px) 100vw, 666px\" \/><\/p>\n<p>La fotograf\u00eda tiene una cita imprescindible este oto\u00f1o en Murcia: <strong>PhotoMurcia 2025<\/strong>, el gran encuentro anual que re\u00fane a profesionales y apasionados de la imagen del 29 de septiembre al 2 de octubre en el <strong>Hotel Nelva<\/strong>.<\/p>\n<p>Durante cuatro d\u00edas, la ciudad se convertir\u00e1 en el <strong data-start=\"350\" data-end=\"393\" data-is-only-node=\"\">epicentro de la creatividad fotogr\u00e1fica<\/strong>, con una agenda repleta de talleres pr\u00e1cticos, <strong>ponencias de expertos de referencia y m\u00faltiples espacios de networking<\/strong> donde compartir experiencias, descubrir tendencias y generar nuevas oportunidades de colaboraci\u00f3n.<\/p>\n<p>Este a\u00f1o en <a href=\"https:\/\/arkiplot.com\/\" target=\"_blank\" rel=\"noopener\"><strong data-start=\"628\" data-end=\"640\">Arkiplot<\/strong><\/a> traemos una gran novedad: estaremos presentes como <strong>expositores junto a <a href=\"https:\/\/www.canon.es\/\" target=\"_blank\" rel=\"noopener\">Canon<\/a><\/strong>, presentando<strong> lo m\u00e1s avanzado en impresi\u00f3n fotogr\u00e1fica profesional y gran formato<\/strong>. Una oportunidad \u00fanica para descubrir en directo nuestras soluciones, resolver cualquier consulta t\u00e9cnica y abrir la puerta a nuevas ideas creativas que impulsen tu trabajo a un nivel superior.<\/p>\n<h2>\u00bfQu\u00e9 te espera en PhotoMurcia 2025?<\/h2>\n<ul>\n<li><strong>Ponentes de primer nivel<\/strong> compartiendo experiencias \u00fanicas en diferentes disciplinas fotogr\u00e1ficas.<\/li>\n<li><strong>Presentaciones en directo y p\u00f3dcasts<\/strong><\/li>\n<li><strong>Talleres pr\u00e1cticos<\/strong> donde podr\u00e1s aprender de cerca con grandes referentes de la fotograf\u00eda.<\/li>\n<li><strong>Un espacio expositivo<\/strong> donde descubrir\u00e1s de primera mano las innovaciones de marcas como <a href=\"https:\/\/arkiplot.com\/\" target=\"_blank\" rel=\"noopener\"><strong data-start=\"628\" data-end=\"640\">Arkiplot<\/strong><\/a> y <strong data-start=\"689\" data-end=\"718\"><a href=\"https:\/\/www.canon.es\/\" target=\"_blank\" rel=\"noopener\">Canon<\/a><\/strong>.<\/li>\n<li><strong>Un ambiente festivo y cercano<\/strong>, ideal para ampliar contactos y disfrutar de la fotograf\u00eda en todas sus facetas.<\/li>\n<\/ul>\n<p><img loading=\"lazy\" decoding=\"async\" class=\" wp-image-17664 aligncenter\" src=\"https:\/\/www.arkiplot.com\/arkiplotblog\/wp-content\/uploads\/2025\/09\/photomurcia.png\" alt=\"\" width=\"469\" height=\"460\" srcset=\"https:\/\/www.arkiplot.com\/arkiplotblog\/wp-content\/uploads\/2025\/09\/photomurcia.png 833w, https:\/\/www.arkiplot.com\/arkiplotblog\/wp-content\/uploads\/2025\/09\/photomurcia-300x294.png 300w, https:\/\/www.arkiplot.com\/arkiplotblog\/wp-content\/uploads\/2025\/09\/photomurcia-768x752.png 768w\" sizes=\"auto, (max-width: 469px) 100vw, 469px\" \/><\/p>\n<h2>Ven a conocernos<\/h2>\n<p>En <a href=\"https:\/\/arkiplot.com\/\" target=\"_blank\" rel=\"noopener\"><strong data-start=\"628\" data-end=\"640\">Arkiplot<\/strong><\/a> queremos que nos visites, charles con nuestro equipo y descubras c\u00f3mo la tecnolog\u00eda y el papel fotogr\u00e1fico de calidad pueden transformar tus trabajos. Junto a Canon, te mostraremos soluciones pensadas para fot\u00f3grafos que buscan destacar con la mejor presentaci\u00f3n de sus im\u00e1genes. Encuentranos en <a href=\"https:\/\/apfimur.com\/photomurcia-2025\/\" target=\"_blank\" rel=\"noopener\">PhotoMurcia<\/a> los d\u00edas 30 de septiembre y 1 de octubre.<\/p>\n<p>Si eres fot\u00f3grafo profesional, aficionado avanzado o simplemente un amante de la fotograf\u00eda, no te puedes perder esta cita.<br \/>\nNos vemos en <a href=\"https:\/\/apfimur.com\/photomurcia-2025\/\" target=\"_blank\" rel=\"noopener\"><strong>PhotoMurcia 2025<\/strong><\/a>. \u00a1Ven a vivirlo con <a href=\"https:\/\/arkiplot.com\/\" target=\"_blank\" rel=\"noopener\"><strong data-start=\"628\" data-end=\"640\">Arkiplot<\/strong><\/a> y <strong data-start=\"689\" data-end=\"718\"><a href=\"https:\/\/www.canon.es\/\" target=\"_blank\" rel=\"noopener\">Canon<\/a><\/strong>!<\/p>\n<p>&nbsp;<\/p>\n<h3 class='related_post_title'>Art\u00edculos y noticias relacionadas:<\/h3><ul class='related_post'><li><a href=\"https:\/\/www.arkiplot.com\/arkiplotblog\/2019\/11\/11\/nuevas-impresoras-canon-imageprograf-pro-x100\/\" title=\"Nuevas impresoras Canon imagePROGRAF PRO x100\">Nuevas impresoras Canon imagePROGRAF PRO x100<\/a><\/li><li><a href=\"https:\/\/www.arkiplot.com\/arkiplotblog\/2019\/06\/06\/promo-canon-imageprograf-pro-1000-para-fotografia-2\/\" title=\"Promo Canon imagePROGRAF PRO-1000 para fotograf\u00eda\">Promo Canon imagePROGRAF PRO-1000 para fotograf\u00eda<\/a><\/li><li><a href=\"https:\/\/www.arkiplot.com\/arkiplotblog\/2018\/05\/23\/promo-canon-imageprograf-pro-1000-para-fotografia\/\" title=\"Promo Canon imagePROGRAF PRO-1000 para fotograf\u00eda\">Promo Canon imagePROGRAF PRO-1000 para fotograf\u00eda<\/a><\/li><li><a href=\"https:\/\/www.arkiplot.com\/arkiplotblog\/2018\/02\/27\/canon-imageprograf-pro2000-total-service\/\" title=\"Canon imagePROGRAF PRO2000 Total Service\">Canon imagePROGRAF PRO2000 Total Service<\/a><\/li><li><a href=\"https:\/\/www.arkiplot.com\/arkiplotblog\/2017\/07\/18\/canon-imageprograf-pro-de-12-colores\/\" title=\"Canon imagePROGRAF PRO de 12 colores\">Canon imagePROGRAF PRO de 12 colores<\/a><\/li><li><a href=\"https:\/\/www.arkiplot.com\/arkiplotblog\/2016\/09\/16\/nuevas-impresoras-gran-formato-canon-imageprograf-pro\/\" title=\"Nuevas impresoras gran formato Canon imagePROGRAF PRO\">Nuevas impresoras gran formato Canon imagePROGRAF PRO<\/a><\/li><li><a href=\"https:\/\/www.arkiplot.com\/arkiplotblog\/2025\/05\/12\/oferta-exclusiva-pack-carteleria-canon\/\" title=\"\u00a1Oferta exclusiva! Pack carteler\u00eda Canon\">\u00a1Oferta exclusiva! Pack carteler\u00eda Canon<\/a><\/li><li><a href=\"https:\/\/www.arkiplot.com\/arkiplotblog\/2017\/10\/13\/nueva-canon-imageprograf-pro-6000\/\" title=\"Nueva Canon imagePROGRAF PRO-6000\">Nueva Canon imagePROGRAF PRO-6000<\/a><\/li><\/ul>","protected":false},"excerpt":{"rendered":"<p>La fotograf\u00eda tiene una cita imprescindible este oto\u00f1o en Murcia: PhotoMurcia 2025, el gran encuentro anual que re\u00fane a profesionales y apasionados de la imagen del 29 de septiembre al&#8230;<\/p>\n","protected":false},"author":1,"featured_media":17662,"comment_status":"closed","ping_status":"closed","sticky":false,"template":"","format":"standard","meta":{"_acf_changed":false,"footnotes":""},"categories":[29],"tags":[129,31,172,107,5,283],"class_list":["post-17651","post","type-post","status-publish","format-standard","has-post-thumbnail","hentry","category-noticias_lfp","tag-bellas-artes","tag-canon","tag-fotografia","tag-impresora","tag-plotter","tag-produccion"],"acf":[],"_links":{"self":[{"href":"https:\/\/www.arkiplot.com\/arkiplotblog\/wp-json\/wp\/v2\/posts\/17651","targetHints":{"allow":["GET"]}}],"collection":[{"href":"https:\/\/www.arkiplot.com\/arkiplotblog\/wp-json\/wp\/v2\/posts"}],"about":[{"href":"https:\/\/www.arkiplot.com\/arkiplotblog\/wp-json\/wp\/v2\/types\/post"}],"author":[{"embeddable":true,"href":"https:\/\/www.arkiplot.com\/arkiplotblog\/wp-json\/wp\/v2\/users\/1"}],"replies":[{"embeddable":true,"href":"https:\/\/www.arkiplot.com\/arkiplotblog\/wp-json\/wp\/v2\/comments?post=17651"}],"version-history":[{"count":14,"href":"https:\/\/www.arkiplot.com\/arkiplotblog\/wp-json\/wp\/v2\/posts\/17651\/revisions"}],"predecessor-version":[{"id":17742,"href":"https:\/\/www.arkiplot.com\/arkiplotblog\/wp-json\/wp\/v2\/posts\/17651\/revisions\/17742"}],"wp:featuredmedia":[{"embeddable":true,"href":"https:\/\/www.arkiplot.com\/arkiplotblog\/wp-json\/wp\/v2\/media\/17662"}],"wp:attachment":[{"href":"https:\/\/www.arkiplot.com\/arkiplotblog\/wp-json\/wp\/v2\/media?parent=17651"}],"wp:term":[{"taxonomy":"category","embeddable":true,"href":"https:\/\/www.arkiplot.com\/arkiplotblog\/wp-json\/wp\/v2\/categories?post=17651"},{"taxonomy":"post_tag","embeddable":true,"href":"https:\/\/www.arkiplot.com\/arkiplotblog\/wp-json\/wp\/v2\/tags?post=17651"}],"curies":[{"name":"wp","href":"https:\/\/api.w.org\/{rel}","templated":true}]}}