{"id":19307,"date":"2026-04-27T11:22:54","date_gmt":"2026-04-27T10:22:54","guid":{"rendered":"https:\/\/www.arkiplot.com\/arkiplotblog\/?p=19307"},"modified":"2026-04-27T11:22:54","modified_gmt":"2026-04-27T10:22:54","slug":"fiestas-de-caravaca-de-la-cruz-2026","status":"publish","type":"post","link":"https:\/\/www.arkiplot.com\/arkiplotblog\/2026\/04\/27\/fiestas-de-caravaca-de-la-cruz-2026\/","title":{"rendered":"Fiestas de Caravaca de la Cruz 2026"},"content":{"rendered":"<p><img loading=\"lazy\" decoding=\"async\" class=\"aligncenter wp-image-19313 size-full\" src=\"https:\/\/www.arkiplot.com\/arkiplotblog\/wp-content\/uploads\/2026\/04\/fiestas-de-la-santisima-y-vera-cruz-1-g-e1776671342184.jpg\" alt=\"\" width=\"700\" height=\"385\" srcset=\"https:\/\/www.arkiplot.com\/arkiplotblog\/wp-content\/uploads\/2026\/04\/fiestas-de-la-santisima-y-vera-cruz-1-g-e1776671342184.jpg 700w, https:\/\/www.arkiplot.com\/arkiplotblog\/wp-content\/uploads\/2026\/04\/fiestas-de-la-santisima-y-vera-cruz-1-g-e1776671342184-300x165.jpg 300w, https:\/\/www.arkiplot.com\/arkiplotblog\/wp-content\/uploads\/2026\/04\/fiestas-de-la-santisima-y-vera-cruz-1-g-e1776671342184-70x40.jpg 70w\" sizes=\"auto, (max-width: 700px) 100vw, 700px\" \/>Las <strong>Fiestas de la Sant\u00edsima y Vera Cruz de Caravaca <\/strong>son uno de los acontecimientos m\u00e1s importantes del panorama festivo nacional y cuentan con el <strong>reconocimiento de Inter\u00e9s Tur\u00edstico Internacional<\/strong>. Cada a\u00f1o, la ciudad de Caravaca de la Cruz se transforma para acoger a miles de visitantes que buscan vivir una celebraci\u00f3n donde se mezclan historia, tradici\u00f3n y devoci\u00f3n.<\/p>\n<p>El origen de estas fiestas <strong>se remonta a la Edad Media, cuando comenz\u00f3 la veneraci\u00f3n a la Vera Cruz como s\u00edmbolo religioso clave en la ciudad.<\/strong> Con el paso de los siglos, la celebraci\u00f3n fue incorporando elementos populares y representaciones hist\u00f3ricas hasta convertirse en el evento que conocemos hoy. Entre sus manifestaciones m\u00e1s destacadas se encuentran los <strong>Caballos del Vino,<\/strong> una tradici\u00f3n \u00fanica <strong>reconocida por la UNESCO<\/strong>, que simboliza el car\u00e1cter singular de estas fiestas y su fuerte arraigo cultural.<\/p>\n<p><iframe loading=\"lazy\" title=\"Caravaca en la piel - Christian Mera\" src=\"\/\/www.youtube.com\/embed\/O1-TkL7zQ4A\" width=\"640\" height=\"360\" frameborder=\"0\" allowfullscreen=\"allowfullscreen\"><\/iframe><\/p>\n<p>En 2026, las fiestas <strong>se celebrar\u00e1n del 1 al 5 de mayo,<\/strong> manteniendo su estructura tradicional. Durante estos d\u00edas, la ciudad vive pr\u00e1cticamente volcada en la celebraci\u00f3n, lo que tiene un impacto directo en la actividad empresarial y en la organizaci\u00f3n del trabajo en la zona.<\/p>\n<p>Desde el punto de vista laboral, conviene tener en cuenta que el<strong> 1 de mayo es festivo nacional<\/strong> en toda Espa\u00f1a con motivo del D\u00eda del Trabajador, mientras que los d\u00edas <strong>2 y 4 de mayo son festivos locales<\/strong> en Caravaca de la Cruz, lo que implica el cierre de muchas empresas y una reducci\u00f3n general de la actividad durante estas fechas.<\/p>\n<h2>La personalizaci\u00f3n en fiestas<\/h2>\n<p class=\"\" data-start=\"3284\" data-end=\"3759\">Uno de los rasgos que hacen \u00fanicas estas celebraciones es el nivel de <strong>personalizaci\u00f3n presente en cada detalle.<\/strong> Bordados, estandartes, vestimentas, se\u00f1al\u00e9tica o elementos gr\u00e1ficos forman parte esencial de la identidad visual de pe\u00f1as, grupos fiesteros y participantes. En este contexto, la personalizaci\u00f3n no es solo est\u00e9tica,<strong> sino una herramienta para diferenciarse y transmitir tradici\u00f3n.<\/strong><\/p>\n<p class=\"\" data-start=\"3284\" data-end=\"3759\">Para empresas como <strong data-start=\"4916\" data-end=\"4988\"><a href=\"https:\/\/arkiplot.com\/\" target=\"_blank\" rel=\"noopener\">Arkiplot<\/a><\/strong>, este tipo de eventos pone en valor la <strong>importancia de soluciones gr\u00e1ficas y de impresi\u00f3n adaptadas a cada necesidad,<\/strong> capaces de aportar calidad y diferenciaci\u00f3n en un entorno donde la imagen y el detalle marcan la diferencia.<\/p>\n<p class=\"\" data-start=\"3761\" data-end=\"4243\"><img loading=\"lazy\" decoding=\"async\" class=\"wp-image-16383 alignright\" src=\"https:\/\/www.arkiplot.com\/arkiplotblog\/wp-content\/uploads\/2025\/04\/panterrycamiseta-218x300-1.jpg\" alt=\"\" width=\"172\" height=\"232\" \/><\/p>\n<p class=\"\" data-start=\"4245\" data-end=\"4417\">En este contexto, <strong data-start=\"4916\" data-end=\"4988\"><a href=\"https:\/\/arkiplot.com\/\" target=\"_blank\" rel=\"noopener\">Arkiplot<\/a><\/strong>\u00a0pone a disposici\u00f3n de todos los profesionales del sector una amplia gama de <strong>maquinaria y consumibles ideales para personalizaci\u00f3n textil:<\/strong><\/p>\n<ul>\n<li>Impresoras para algod\u00f3n y poli\u00e9ster<\/li>\n<li>Plotters para sublimaci\u00f3n<\/li>\n<li>Impresoras DTF<\/li>\n<li>Plotters de corte<\/li>\n<li>Planchas t\u00e9rmicas y calandras<\/li>\n<li>Tinta para sublimaci\u00f3n<\/li>\n<li>Vinilos textiles y transfers en todas sus variantes<\/li>\n<\/ul>\n<p class=\"\" data-start=\"4663\" data-end=\"4785\">El resultado es un espect\u00e1culo visual que complementa a la perfecci\u00f3n la intensidad y el colorido de estas fiestas \u00fanicas.<\/p>\n<h2 class=\"\" data-start=\"4792\" data-end=\"4841\">Aviso importante: Arkiplot cerrado por fiestas<\/h2>\n<p class=\"\" data-start=\"4843\" data-end=\"5113\">Con motivo de la celebraci\u00f3n de las Fiestas de la Sant\u00edsima y Vera Cruz, <strong data-start=\"4916\" data-end=\"4988\"><a href=\"https:\/\/arkiplot.com\/\" target=\"_blank\" rel=\"noopener\">Arkiplot<\/a> permanecer\u00e1 cerrado el viernes 1. <\/strong>El lunes 4 de Mayo abriremos al p\u00fablico, aunque se pueden producir algunos retrasos log\u00edsticos por el cierre de almacenes locales. Agradecemos sinceramente su comprensi\u00f3n y apoyo, ya que estas fechas tienen un profundo significado para nuestra comunidad.<\/p>\n<p class=\"\" data-start=\"4843\" data-end=\"5113\">Si tienes pensado visitar Caravaca de la Cruz durante estas fiestas, prep\u00e1rate para vivir una experiencia cultural, espiritual y festiva inigualable. Y si no puedes asistir, te animamos a seguir los eventos a trav\u00e9s de los medios oficiales y redes sociales.<\/p>\n<p data-start=\"4843\" data-end=\"5113\"><img loading=\"lazy\" decoding=\"async\" class=\" wp-image-19315 aligncenter\" src=\"https:\/\/www.arkiplot.com\/arkiplotblog\/wp-content\/uploads\/2026\/04\/ChatGPT-Image-20-abr-2026-09_21_53.png\" alt=\"\" width=\"529\" height=\"357\" \/><\/p>\n<p class=\"\" data-start=\"5579\" data-end=\"5758\">Para m\u00e1s informaci\u00f3n sobre la programaci\u00f3n completa visita este enlace:<br data-start=\"5689\" data-end=\"5692\" \/>\ud83d\udc49<a href=\"https:\/\/arkiplot.com\/archivos\/_docs\/PROGRAMA-DE-FIESTAS-2026-red.pdf\" target=\"_blank\" rel=\"noopener\">PROGRAMACI\u00d3N<\/a><\/p>\n<h3 class='related_post_title'>Art\u00edculos y noticias relacionadas:<\/h3><ul class='related_post'><li><a href=\"https:\/\/www.arkiplot.com\/arkiplotblog\/2025\/04\/24\/fiestas-de-caravaca-de-la-cruz-2025\/\" title=\"Fiestas de Caravaca de la Cruz 2025\">Fiestas de Caravaca de la Cruz 2025<\/a><\/li><li><a href=\"https:\/\/www.arkiplot.com\/arkiplotblog\/2024\/04\/25\/fiestas-de-caravaca-de-la-cruz-2024\/\" title=\"Fiestas de Caravaca de la Cruz 2024\">Fiestas de Caravaca de la Cruz 2024<\/a><\/li><li><a href=\"https:\/\/www.arkiplot.com\/arkiplotblog\/2023\/04\/27\/fiestas-de-caravaca-de-la-cruz-2023\/\" title=\"Fiestas de Caravaca de la Cruz 2023\">Fiestas de Caravaca de la Cruz 2023<\/a><\/li><li><a href=\"https:\/\/www.arkiplot.com\/arkiplotblog\/2022\/04\/28\/fiestas-de-caravaca-de-la-cruz-2022\/\" title=\"Fiestas de Caravaca de la Cruz 2022\">Fiestas de Caravaca de la Cruz 2022<\/a><\/li><li><a href=\"https:\/\/www.arkiplot.com\/arkiplotblog\/2019\/04\/30\/fiestas-de-caravaca-de-la-cruz-2019\/\" title=\"Fiestas de Caravaca de la Cruz 2019\">Fiestas de Caravaca de la Cruz 2019<\/a><\/li><li><a href=\"https:\/\/www.arkiplot.com\/arkiplotblog\/2018\/04\/30\/fiestas-de-caravaca-de-la-cruz-2018\/\" title=\"Fiestas de Caravaca de la Cruz 2018\">Fiestas de Caravaca de la Cruz 2018<\/a><\/li><li><a href=\"https:\/\/www.arkiplot.com\/arkiplotblog\/2017\/05\/02\/fiestas-de-caravaca-de-la-cruz-2017\/\" title=\"Fiestas de Caravaca de la Cruz 2017\">Fiestas de Caravaca de la Cruz 2017<\/a><\/li><li><a href=\"https:\/\/www.arkiplot.com\/arkiplotblog\/2016\/05\/03\/fiestas-de-caravaca-de-la-cruz-2016\/\" title=\"Fiestas de Caravaca de la Cruz 2016\">Fiestas de Caravaca de la Cruz 2016<\/a><\/li><\/ul>","protected":false},"excerpt":{"rendered":"<p>Las Fiestas de la Sant\u00edsima y Vera Cruz de Caravaca son uno de los acontecimientos m\u00e1s importantes del panorama festivo nacional y cuentan con el reconocimiento de Inter\u00e9s Tur\u00edstico Internacional&#8230;.<\/p>\n","protected":false},"author":1,"featured_media":19314,"comment_status":"closed","ping_status":"closed","sticky":false,"template":"","format":"standard","meta":{"_acf_changed":false,"footnotes":""},"categories":[35],"tags":[80,527,88,25,47,78],"class_list":["post-19307","post","type-post","status-publish","format-standard","has-post-thumbnail","hentry","category-otras_noticias","tag-chromablast","tag-dtf","tag-forever","tag-sublimacion","tag-transfer","tag-vinilo"],"acf":[],"_links":{"self":[{"href":"https:\/\/www.arkiplot.com\/arkiplotblog\/wp-json\/wp\/v2\/posts\/19307","targetHints":{"allow":["GET"]}}],"collection":[{"href":"https:\/\/www.arkiplot.com\/arkiplotblog\/wp-json\/wp\/v2\/posts"}],"about":[{"href":"https:\/\/www.arkiplot.com\/arkiplotblog\/wp-json\/wp\/v2\/types\/post"}],"author":[{"embeddable":true,"href":"https:\/\/www.arkiplot.com\/arkiplotblog\/wp-json\/wp\/v2\/users\/1"}],"replies":[{"embeddable":true,"href":"https:\/\/www.arkiplot.com\/arkiplotblog\/wp-json\/wp\/v2\/comments?post=19307"}],"version-history":[{"count":14,"href":"https:\/\/www.arkiplot.com\/arkiplotblog\/wp-json\/wp\/v2\/posts\/19307\/revisions"}],"predecessor-version":[{"id":19363,"href":"https:\/\/www.arkiplot.com\/arkiplotblog\/wp-json\/wp\/v2\/posts\/19307\/revisions\/19363"}],"wp:featuredmedia":[{"embeddable":true,"href":"https:\/\/www.arkiplot.com\/arkiplotblog\/wp-json\/wp\/v2\/media\/19314"}],"wp:attachment":[{"href":"https:\/\/www.arkiplot.com\/arkiplotblog\/wp-json\/wp\/v2\/media?parent=19307"}],"wp:term":[{"taxonomy":"category","embeddable":true,"href":"https:\/\/www.arkiplot.com\/arkiplotblog\/wp-json\/wp\/v2\/categories?post=19307"},{"taxonomy":"post_tag","embeddable":true,"href":"https:\/\/www.arkiplot.com\/arkiplotblog\/wp-json\/wp\/v2\/tags?post=19307"}],"curies":[{"name":"wp","href":"https:\/\/api.w.org\/{rel}","templated":true}]}}