{"id":6843,"date":"2019-04-25T08:06:54","date_gmt":"2019-04-25T07:06:54","guid":{"rendered":"http:\/\/arkiplot.com\/arkiplotblog\/?p=6843"},"modified":"2019-04-25T08:06:54","modified_gmt":"2019-04-25T07:06:54","slug":"plena-inclusion-murcia-premia-a-arkiplot-s-l","status":"publish","type":"post","link":"https:\/\/www.arkiplot.com\/arkiplotblog\/2019\/04\/25\/plena-inclusion-murcia-premia-a-arkiplot-s-l\/","title":{"rendered":"Plena inclusi\u00f3n Murcia premia a Arkiplot, S.L."},"content":{"rendered":"<table>\n<tbody>\n<tr>\n<td><img loading=\"lazy\" decoding=\"async\" class=\"alignnone size-full wp-image-6851\" style=\"color: #555555; font-style: normal; font-weight: 300; margin-top: 0.4em;\" src=\"http:\/\/arkiplot.com\/arkiplotblog\/wp-content\/uploads\/2019\/04\/plena_inclusion.jpg\" alt=\"\" width=\"600\" height=\"286\" srcset=\"https:\/\/www.arkiplot.com\/arkiplotblog\/wp-content\/uploads\/2019\/04\/plena_inclusion.jpg 600w, https:\/\/www.arkiplot.com\/arkiplotblog\/wp-content\/uploads\/2019\/04\/plena_inclusion-300x143.jpg 300w\" sizes=\"auto, (max-width: 600px) 100vw, 600px\" \/><\/td>\n<\/tr>\n<tr>\n<td><strong>Arkiplot, S.L.<\/strong> recibe una menci\u00f3n por parte de <strong>Plena inclusi\u00f3n Regi\u00f3n de Murcia<\/strong>, como entidad responsable con la integraci\u00f3n laboral de las personas con discapacidad intelectual, un reconocimiento que nos llena de orgullo, sobre todo teniendo en cuenta la total coincidencia de los valores de la federaci\u00f3n con los de nuestra empresa.<\/p>\n<p><strong>Arkiplot<\/strong> apuesta por la integraci\u00f3n de las personas con discapacidad, y nos enorgullecemos en contar con un nuevo compa\u00f1ero totalmente integrado en nuestro departamento log\u00edstico, con el que trabajamos estrechamente y a plena satisfacci\u00f3n.<\/p>\n<p>Con nuestra experiencia queremos animar a m\u00e1s empresas a la contrataci\u00f3n de personas con discapacidad, algo que sin duda beneficiar\u00e1 a ambas partes, y podemos dar fe de ello.<\/p>\n<p><strong>Plena inclusi\u00f3n Regi\u00f3n de Murcia<\/strong> es la federaci\u00f3n de asociaciones de familias de personas con discapacidad Intelectual. Lleva m\u00e1s de 35 a\u00f1os trabajando por sus derechos, inclusi\u00f3n y calidad de vida.<br \/>\nHa sido declarada de utilidad p\u00fablica y sin \u00e1nimo de lucro, representa al movimiento familiar Plena inclusi\u00f3n en la Comunidad Aut\u00f3noma de la Regi\u00f3n de Murcia.<\/p>\n<p>En la actualidad, conforman la federaci\u00f3n m\u00e1s de 3.000 familias, organizadas en 27 entidades, que gestionan 36 centros. Trabajan en las entidades alrededor de 700 profesionales y colaboran m\u00e1s de 300 voluntarios.<\/p>\n<p><strong>Plena inclusi\u00f3n Regi\u00f3n de Murcia<\/strong> forma, junto a otras 16 federaciones auton\u00f3micas y las de Ceuta y Melilla- en la Confederaci\u00f3n Plena inclusi\u00f3n. Este movimiento re\u00fane a m\u00e1s de 235.000 familias en casi 900 asociaciones repartidas por toda Espa\u00f1a.<\/td>\n<\/tr>\n<\/tbody>\n<\/table>\n<p>&nbsp;<\/p>\n<h3 class='related_post_title'>Art\u00edculos y noticias relacionadas:<\/h3><ul class='related_post'><li>No hay art\u00edculos y noticias relacionadas:<\/li><\/ul>","protected":false},"excerpt":{"rendered":"<p>Arkiplot, S.L. recibe una menci\u00f3n por parte de Plena inclusi\u00f3n Regi\u00f3n de Murcia, como entidad responsable con la integraci\u00f3n laboral de las personas con discapacidad intelectual, un reconocimiento que nos&#8230;<\/p>\n","protected":false},"author":1,"featured_media":6851,"comment_status":"closed","ping_status":"closed","sticky":false,"template":"","format":"standard","meta":{"_acf_changed":false,"footnotes":""},"categories":[35],"tags":[],"class_list":["post-6843","post","type-post","status-publish","format-standard","has-post-thumbnail","hentry","category-otras_noticias"],"acf":[],"_links":{"self":[{"href":"https:\/\/www.arkiplot.com\/arkiplotblog\/wp-json\/wp\/v2\/posts\/6843","targetHints":{"allow":["GET"]}}],"collection":[{"href":"https:\/\/www.arkiplot.com\/arkiplotblog\/wp-json\/wp\/v2\/posts"}],"about":[{"href":"https:\/\/www.arkiplot.com\/arkiplotblog\/wp-json\/wp\/v2\/types\/post"}],"author":[{"embeddable":true,"href":"https:\/\/www.arkiplot.com\/arkiplotblog\/wp-json\/wp\/v2\/users\/1"}],"replies":[{"embeddable":true,"href":"https:\/\/www.arkiplot.com\/arkiplotblog\/wp-json\/wp\/v2\/comments?post=6843"}],"version-history":[{"count":8,"href":"https:\/\/www.arkiplot.com\/arkiplotblog\/wp-json\/wp\/v2\/posts\/6843\/revisions"}],"predecessor-version":[{"id":6859,"href":"https:\/\/www.arkiplot.com\/arkiplotblog\/wp-json\/wp\/v2\/posts\/6843\/revisions\/6859"}],"wp:featuredmedia":[{"embeddable":true,"href":"https:\/\/www.arkiplot.com\/arkiplotblog\/wp-json\/wp\/v2\/media\/6851"}],"wp:attachment":[{"href":"https:\/\/www.arkiplot.com\/arkiplotblog\/wp-json\/wp\/v2\/media?parent=6843"}],"wp:term":[{"taxonomy":"category","embeddable":true,"href":"https:\/\/www.arkiplot.com\/arkiplotblog\/wp-json\/wp\/v2\/categories?post=6843"},{"taxonomy":"post_tag","embeddable":true,"href":"https:\/\/www.arkiplot.com\/arkiplotblog\/wp-json\/wp\/v2\/tags?post=6843"}],"curies":[{"name":"wp","href":"https:\/\/api.w.org\/{rel}","templated":true}]}}