{"id":8840,"date":"2020-05-13T16:46:17","date_gmt":"2020-05-13T15:46:17","guid":{"rendered":"https:\/\/www.arkiplot.com\/arkiplotblog\/?p=8840"},"modified":"2020-05-21T06:56:59","modified_gmt":"2020-05-21T05:56:59","slug":"purificadores-ideal-serie-pro","status":"publish","type":"post","link":"https:\/\/www.arkiplot.com\/arkiplotblog\/2020\/05\/13\/purificadores-ideal-serie-pro\/","title":{"rendered":"Purificadores Ideal serie Pro"},"content":{"rendered":"<h2>El coronavirus se manteniene suspendido en el aire durante\u00a0HORAS<\/h2>\n<p>Aunque parezca incre\u00edble esta informaci\u00f3n no la dan en televisi\u00f3n, el virus queda suspendido en el aire y de esa manera quedamos expuestos a una mayor carga v\u00edrica.<\/p>\n<p><iframe loading=\"lazy\" src=\"\/\/www.youtube.com\/embed\/ziZxtVndM9Y\" width=\"640\" height=\"360\" frameborder=\"0\" allowfullscreen=\"allowfullscreen\"><\/iframe><\/p>\n<h2>Los purificadores de aire IDEAL ayudan a luchar contra el coronavirus.<\/h2>\n<p>El nuevo coronavirus est\u00e1 en los titulares de todo el mundo.<\/p>\n<p>Seg\u00fan las noticias m\u00e1s recientes, este nuevo virus, conocido como virus <strong>SARS-CoV-2<\/strong>, y que est\u00e1 gen\u00e9ticamente relacionado con el virus SARS desde 2003, se transmite por infecci\u00f3n de gotitas de humano a humano. Con sus purificadores de aire <strong>AP PRO<\/strong>, <strong>IDEAL<\/strong> est\u00e1 trabajando activamente para reducir significativamente la concentraci\u00f3n de virus en el aire interior y ayudar a contener la propagaci\u00f3n del virus.<\/p>\n<p>Desde finales de diciembre de 2019, el coronavirus <strong>SARS-CoV-2<\/strong> ha provocado muchos casos graves de neumon\u00eda en la ciudad china de Wuhan, donde se origin\u00f3, lugar donde viven varios millones de personas.<\/p>\n<p>Esto va desde los s\u00edntomas habituales de tipo gripal, como fiebre, tos y problemas respiratorios, hasta episodios peligrosos y en muchos casos, mortales por neumon\u00eda. El nombre oficial de la enfermedad seg\u00fan la <strong>OMS<\/strong> es \u00ab<strong>COVID-19<\/strong>\u00bb (enfermedad por coronavirus 19). En muy poco tiempo, el n\u00famero de infecciones y muertes confirmadas oficialmente ha aumentado dram\u00e1ticamente. La r\u00e1pida propagaci\u00f3n del pat\u00f3geno por parte de los pasajeros de las aerol\u00edneas ha provocado enfermedades en todo el mundo. A finales de enero de 2020, la Organizaci\u00f3n Mundial de la Salud (OMS) declar\u00f3 una emergencia de salud p\u00fablica de preocupaci\u00f3n internacional. Ahora se deben encontrar e implementar medidas efectivas de inmediato para restringir la propagaci\u00f3n del virus lo m\u00e1s r\u00e1pido posible y prevenir eficazmente la infecci\u00f3n de un n\u00famero significativo de personas.<\/p>\n<p>Los expertos trabajan sobre la base por la que el virus se transmite por infecci\u00f3n de gotitas de humano a humano, principalmente a trav\u00e9s de secreciones respiratorias. Al igual que con otros virus, las gotas m\u00e1s finas de saliva o moco se transmiten a trav\u00e9s de la tos, los estornudos, el habla o el contacto directo del cuerpo con las personas que tienen el virus. Las gotas m\u00e1s\u00a0 grandes descienden y se transmiten en un radio de un metro. Las gotas m\u00e1s peque\u00f1as permanecen suspendidas en el aire por per\u00edodos m\u00e1s largos y pueden causar infecci\u00f3n, incluso desde la distancia. Seg\u00fan las evaluaciones preliminares de la <strong>OMS<\/strong>, el nuevo virus <strong>SARS-CoV-2<\/strong> tambi\u00e9n puede sobrevivir en las superficies durante varias horas. De particular inter\u00e9s es el riesgo de infecci\u00f3n incluso durante el per\u00edodo de incubaci\u00f3n, es decir, antes de que aparezcan s\u00edntomas espec\u00edficos. Esto plantea un riesgo especial durante los vuelos, al visitar ferias comerciales o en reuniones internacionales.<\/p>\n<div id=\"attachment_8841\" style=\"width: 2230px\" class=\"wp-caption aligncenter\"><a href=\"https:\/\/www.arkiplot.com\/archivos\/_docs\/purificadorescovid19.pdf\" target=\"_blank\" rel=\"noopener noreferrer\"><img loading=\"lazy\" decoding=\"async\" aria-describedby=\"caption-attachment-8841\" class=\"wp-image-8841 size-full\" src=\"https:\/\/www.arkiplot.com\/arkiplotblog\/wp-content\/uploads\/2020\/05\/ideal-filtrogamaPRO.jpg\" alt=\"\" width=\"2220\" height=\"1080\" srcset=\"https:\/\/www.arkiplot.com\/arkiplotblog\/wp-content\/uploads\/2020\/05\/ideal-filtrogamaPRO.jpg 2220w, https:\/\/www.arkiplot.com\/arkiplotblog\/wp-content\/uploads\/2020\/05\/ideal-filtrogamaPRO-300x146.jpg 300w, https:\/\/www.arkiplot.com\/arkiplotblog\/wp-content\/uploads\/2020\/05\/ideal-filtrogamaPRO-1024x498.jpg 1024w, https:\/\/www.arkiplot.com\/arkiplotblog\/wp-content\/uploads\/2020\/05\/ideal-filtrogamaPRO-768x374.jpg 768w, https:\/\/www.arkiplot.com\/arkiplotblog\/wp-content\/uploads\/2020\/05\/ideal-filtrogamaPRO-1536x747.jpg 1536w, https:\/\/www.arkiplot.com\/arkiplotblog\/wp-content\/uploads\/2020\/05\/ideal-filtrogamaPRO-2048x996.jpg 2048w\" sizes=\"auto, (max-width: 2220px) 100vw, 2220px\" \/><\/a><p id=\"caption-attachment-8841\" class=\"wp-caption-text\">Sistema de Filtros Ideal AP Pro (click sobre la im\u00e1gen para ver el pdf)<\/p><\/div>\n<p>Aqu\u00ed es donde los purificadores de aire <strong>IDEAL AP PRO<\/strong> pueden ayudar: los <strong>filtros HEPA<\/strong> especialmente desarrollados con tecnolog\u00eda de filtraci\u00f3n de etapas m\u00faltiples eliminan permanentemente sustancias nocivas y virus del aire interior, incluido el coronavirus. Los <strong>filtros HEPA<\/strong> son particularmente efectivos gracias a sus diversos efectos f\u00edsicos. En relaci\u00f3n con el coronavirus, el efecto de difusi\u00f3n de los filtros es de primordial importancia. En este proceso, las part\u00edculas m\u00e1s peque\u00f1as de un micr\u00f3metro est\u00e1n &#8216;desordenadas&#8217; en el flujo de aire. Chocan, rebotan entre s\u00ed y luego aterrizan en las fibras del filtro, donde permanecen suspendidas. Gracias a sus especificaciones exactas, los <strong>filtros IDEAL HEPA<\/strong> pueden filtrar estos virus del aire interior. Una vez que el filtro limpia el aire, todos los pat\u00f3genos, virus y part\u00edculas peligrosos, como el coronavirus, se incrustan en el filtro y el purificador de aire nunca los libera.<\/p>\n<p>El concepto general de los purificadores de aire <strong>IDEAL AP PRO<\/strong> es reducir significativamente la concentraci\u00f3n de contaminantes, virus y g\u00e9rmenes en el aire interior, evitando que estos se transmitan a las personas en primer lugar y posiblemente enfermarlos. El filtro inteligente de 360 \u00b0 en los purificadores de aire <strong>IDEAL AP PRO<\/strong> es particularmente impresionante gracias a su excepcional rendimiento de limpieza, que es confiable y efectivo. Por lo tanto, los purificadores de aire <strong>IDEAL AP PRO<\/strong> pueden usarse para prevenir activamente la propagaci\u00f3n del coronavirus. Las pruebas de laboratorio y la certificaci\u00f3n integral de higiene microbiol\u00f3gica dan fe de la eficacia superior de los purificadores de aire<strong> IDEAL AP PRO<\/strong>. Esta prueba ha sido realizada por el reconocido<strong> Instituto Schwarzkopf<\/strong> en cooperaci\u00f3n con el <strong>Instituto Mainfranken<\/strong>\u00a0 de Higiene.<\/p>\n<p>Por lo tanto, los aparatos IDEAL tambi\u00e9n est\u00e1n aprobados para su uso en instalaciones m\u00e9dicas.<\/p>\n<table style=\"border-collapse: collapse; width: 100%; height: 75px;\">\n<tbody>\n<tr style=\"height: 20px;\">\n<td style=\"height: 20px; width: 210px; border-style: none; border-color: #ffffff; background-color: #ffffff; text-align: center; vertical-align: top;\"><a style=\"font-weight: bold; background-color: #eeeeee;\" href=\"https:\/\/www.arkiplot.com\/producto.php?id=7229\" target=\"_blank\" rel=\"noopener noreferrer\"><img loading=\"lazy\" decoding=\"async\" class=\"\" src=\"https:\/\/www.arkiplot.com\/archivos\/7229\/73100011.jpg\" alt=\"\" width=\"173\" height=\"138\" \/><\/a><\/td>\n<td style=\"height: 20px; width: 210px; border-style: none; border-color: #ffffff; background-color: #ffffff; text-align: center; vertical-align: top;\"><a href=\"https:\/\/www.arkiplot.com\/producto.php?id=7209\" target=\"_blank\" rel=\"noopener noreferrer\"><img loading=\"lazy\" decoding=\"async\" class=\"\" src=\"https:\/\/www.arkiplot.com\/archivos\/7209\/73101011-0.jpg\" alt=\"Ideal AP40 Pro\" width=\"173\" height=\"131\" \/><\/a><\/td>\n<td style=\"height: 20px; width: 210px; border-style: none; border-color: #ffffff; background-color: #ffffff; text-align: center; vertical-align: top;\"><a href=\"https:\/\/www.arkiplot.com\/producto.php?id=7210\" target=\"_blank\" rel=\"noopener noreferrer\"><img loading=\"lazy\" decoding=\"async\" class=\"\" src=\"https:\/\/www.arkiplot.com\/archivos\/7210\/87410011-1.jpg\" alt=\"Ideal AP60 Pro\" width=\"167\" height=\"126\" \/><\/a><\/td>\n<\/tr>\n<tr style=\"height: 20px;\">\n<td style=\"height: 20px; width: 210px; border-style: none; border-color: #ffffff; background-color: #ffffff; text-align: center; vertical-align: top;\">\n<h3 class=\"titulo16\"><a href=\"https:\/\/www.arkiplot.com\/producto.php?id=7229\" target=\"_blank\" rel=\"noopener noreferrer\">Ideal AP30 Pro<\/a><\/h3>\n<\/td>\n<td style=\"height: 20px; width: 210px; border-style: none; border-color: #ffffff; background-color: #ffffff; text-align: center; vertical-align: top;\">\n<h3 class=\"titulo16\"><a href=\"https:\/\/www.arkiplot.com\/producto.php?id=7209\" target=\"_blank\" rel=\"noopener noreferrer\">Ideal AP40 Pro<\/a><\/h3>\n<\/td>\n<td style=\"height: 20px; width: 210px; border-style: none; border-color: #ffffff; background-color: #ffffff; text-align: center; vertical-align: top;\">\n<h3 class=\"titulo16\"><a href=\"https:\/\/www.arkiplot.com\/producto.php?id=7210\" target=\"_blank\" rel=\"noopener noreferrer\">Ideal AP60 Pro<\/a><\/h3>\n<\/td>\n<\/tr>\n<tr style=\"height: 20px;\">\n<td style=\"height: 19px; width: 210px; border-style: none; border-color: #ffffff; background-color: #ffffff; text-align: center; vertical-align: top;\"><a href=\"https:\/\/www.arkiplot.com\/producto.php?id=7211\" target=\"_blank\" rel=\"noopener noreferrer\"><img loading=\"lazy\" decoding=\"async\" class=\"aligncenter \" src=\"https:\/\/www.arkiplot.com\/archivos\/7210\/87410011-1.jpg\" width=\"183\" height=\"140\" \/><\/a><\/p>\n<h3 class=\"titulo16\"><a href=\"https:\/\/www.arkiplot.com\/producto.php?id=7211\" target=\"_blank\" rel=\"noopener noreferrer\">Ideal AP80 Pro<\/a><\/h3>\n<\/td>\n<td style=\"height: 19px; width: 210px; border-style: none; border-color: #ffffff; background-color: #ffffff; text-align: center; vertical-align: top;\"><a href=\"https:\/\/www.arkiplot.com\/producto.php?id=7215\" target=\"_blank\" rel=\"noopener noreferrer\"><img loading=\"lazy\" decoding=\"async\" class=\"aligncenter \" src=\"https:\/\/www.arkiplot.com\/archivos\/7215\/73200011-1.jpg\" width=\"173\" height=\"132\" \/><\/a><\/p>\n<h3 class=\"titulo16\"><a href=\"https:\/\/www.arkiplot.com\/producto.php?id=7215\" target=\"_blank\" rel=\"noopener noreferrer\">Ideal AP140 Pro<\/a><\/h3>\n<\/td>\n<td style=\"height: 19px; width: 210px; border-style: none; border-color: #ffffff; background-color: #ffffff; text-align: center; vertical-align: top;\"><\/td>\n<\/tr>\n<tr style=\"height: 16px;\">\n<td style=\"height: 16px; width: 210px; border-style: none; border-color: #ffffff; background-color: #ffffff; text-align: center; vertical-align: top;\"><\/td>\n<td style=\"height: 16px; width: 210px; border-style: none; border-color: #ffffff; background-color: #ffffff; text-align: center; vertical-align: top;\"><\/td>\n<td style=\"height: 16px; width: 210px; border-style: none; border-color: #ffffff; background-color: #ffffff; text-align: center; vertical-align: top;\"><\/td>\n<\/tr>\n<\/tbody>\n<\/table>\n<h4>Certificados por la ECARF<\/h4>\n<ul>\n<li>Todos los modelos AP y AP pro est\u00e1n probados y certificados con el sello de calidad ECARF para productos aptos para al\u00e9rgicos por el Centro Europeo de la Fundaci\u00f3n para la Investigaci\u00f3n de la Alergia.<\/li>\n<\/ul>\n<h4>Certificado de higiene (en Alemania) y, por tanto, aptos tambi\u00e9n para instalaciones m\u00e9dicas<\/h4>\n<ul>\n<li>Todos los modelos AP y AP Pro est\u00e1n (o se encuentran en proceso) probados para su uso en instalaciones m\u00e9dicas seg\u00fan la normativa alemana VDI 6022 (tecnolog\u00eda de ventilaci\u00f3n, calidad del aire en interiores). El organismo de certificaci\u00f3n es el conocido Instituto Schwarzkopf, en cooperaci\u00f3n con el Instituto de Higiene Mainfranken (HIM).<\/li>\n<li>Todas las m\u00e1quinas fueron testadas seg\u00fan varios criterios y consideradas aptas para su uso en instalaciones y \u00e1reas m\u00e9dicas. \u00a1Esto es una caracter\u00edstica \u00fanica para purificadores de aire!<\/li>\n<\/ul>\n<p style=\"padding-left: 40px;\">\u2022 microbiol\u00f3gicamente (con respecto a virus y bacterias),<br \/>\n\u2022 micol\u00f3gicamente (con respecto a hongos y esporas de hongos),<br \/>\n\u2022 con respecto a materia particulada,<br \/>\n\u2022 respecto a otras part\u00edculas,<br \/>\n\u2022 respecto a la limpieza y desinfecci\u00f3n de las carcasas y<br \/>\n\u2022 con respecto a la emisi\u00f3n de ruido.<\/p>\n<h4>Modo nocturno<\/h4>\n<p>Gracias a su funcionamiento s\u00faper silencioso en modo nocturno, nuestros purificadores de aire pueden<br \/>\nutilizarse en dormitorios sin problemas.<\/p>\n<h4>Control permanente de la calidad del aire combinado con modo autom\u00e1tico<\/h4>\n<p>Las m\u00e1quinas ajustan su funcionamiento autom\u00e1ticamente a la calidad del aire de la habitaci\u00f3n en<br \/>\nese momento.<\/p>\n<h4>Mando a distancia (modelos AP15\/30\/45 y AP Pro), control mediante app (AP100) as\u00ed como pantallas f\u00e1ciles de usar.<\/h4>\n<p>++ Si se desea, el funcionamiento se puede ajustar manualmente.<br \/>\n++ La app del AP 100 est\u00e1 disponible de forma gratuita en google play o App Store.<\/p>\n<h4>Reemplazo de filtro f\u00e1cil (todos los modelos)<\/h4>\n<p>++ Una notificaci\u00f3n de cambio de filtro asegura que los filtros se reemplazan a tiempo. Esto garantiza un<br \/>\nrendimiento de limpieza \u00f3ptimo.<br \/>\n++ Todos los filtros se pueden cambiar f\u00e1cil y r\u00e1pidamente.<\/p>\n<h3 class='related_post_title'>Art\u00edculos y noticias relacionadas:<\/h3><ul class='related_post'><li><a href=\"https:\/\/www.arkiplot.com\/arkiplotblog\/2022\/04\/27\/mascarillas-verdades-y-mentiras-final\/\" title=\"Mascarillas verdades y mentiras: Final\">Mascarillas verdades y mentiras: Final<\/a><\/li><li><a href=\"https:\/\/www.arkiplot.com\/arkiplotblog\/2020\/09\/21\/mascarillas-verdades-y-mentiras-3aparte\/\" title=\"Mascarillas Nuevos modelos\">Mascarillas Nuevos modelos<\/a><\/li><li><a href=\"https:\/\/www.arkiplot.com\/arkiplotblog\/2020\/06\/04\/mascarillas-verdades-y-mentiras-2aparte\/\" title=\"Mascarillas verdades y mentiras 2\u00aaParte\">Mascarillas verdades y mentiras 2\u00aaParte<\/a><\/li><li><a href=\"https:\/\/www.arkiplot.com\/arkiplotblog\/2020\/04\/30\/mascarillas-verdades-y-mentiras\/\" title=\"Mascarillas verdades y mentiras\">Mascarillas verdades y mentiras<\/a><\/li><li><a href=\"https:\/\/www.arkiplot.com\/arkiplotblog\/2020\/04\/20\/personalizado-proteccion-covid-19\/\" title=\"Personalizado protecci\u00f3n COVID-19\">Personalizado protecci\u00f3n COVID-19<\/a><\/li><\/ul>","protected":false},"excerpt":{"rendered":"<p>El coronavirus se manteniene suspendido en el aire durante\u00a0HORAS Aunque parezca incre\u00edble esta informaci\u00f3n no la dan en televisi\u00f3n, el virus queda suspendido en el aire y de esa manera&#8230;<\/p>\n","protected":false},"author":1,"featured_media":8852,"comment_status":"closed","ping_status":"closed","sticky":false,"template":"","format":"standard","meta":{"_acf_changed":false,"footnotes":""},"categories":[35],"tags":[492,493,494],"class_list":["post-8840","post","type-post","status-publish","format-standard","has-post-thumbnail","hentry","category-otras_noticias","tag-calidad-del-aire","tag-covid-19","tag-ideal"],"acf":[],"_links":{"self":[{"href":"https:\/\/www.arkiplot.com\/arkiplotblog\/wp-json\/wp\/v2\/posts\/8840","targetHints":{"allow":["GET"]}}],"collection":[{"href":"https:\/\/www.arkiplot.com\/arkiplotblog\/wp-json\/wp\/v2\/posts"}],"about":[{"href":"https:\/\/www.arkiplot.com\/arkiplotblog\/wp-json\/wp\/v2\/types\/post"}],"author":[{"embeddable":true,"href":"https:\/\/www.arkiplot.com\/arkiplotblog\/wp-json\/wp\/v2\/users\/1"}],"replies":[{"embeddable":true,"href":"https:\/\/www.arkiplot.com\/arkiplotblog\/wp-json\/wp\/v2\/comments?post=8840"}],"version-history":[{"count":17,"href":"https:\/\/www.arkiplot.com\/arkiplotblog\/wp-json\/wp\/v2\/posts\/8840\/revisions"}],"predecessor-version":[{"id":8867,"href":"https:\/\/www.arkiplot.com\/arkiplotblog\/wp-json\/wp\/v2\/posts\/8840\/revisions\/8867"}],"wp:featuredmedia":[{"embeddable":true,"href":"https:\/\/www.arkiplot.com\/arkiplotblog\/wp-json\/wp\/v2\/media\/8852"}],"wp:attachment":[{"href":"https:\/\/www.arkiplot.com\/arkiplotblog\/wp-json\/wp\/v2\/media?parent=8840"}],"wp:term":[{"taxonomy":"category","embeddable":true,"href":"https:\/\/www.arkiplot.com\/arkiplotblog\/wp-json\/wp\/v2\/categories?post=8840"},{"taxonomy":"post_tag","embeddable":true,"href":"https:\/\/www.arkiplot.com\/arkiplotblog\/wp-json\/wp\/v2\/tags?post=8840"}],"curies":[{"name":"wp","href":"https:\/\/api.w.org\/{rel}","templated":true}]}}