{"id":9604,"date":"2020-10-15T09:02:27","date_gmt":"2020-10-15T08:02:27","guid":{"rendered":"https:\/\/www.arkiplot.com\/arkiplotblog\/?p=9604"},"modified":"2020-10-15T09:02:27","modified_gmt":"2020-10-15T08:02:27","slug":"comienza-la-temporada-de-calendarios-2021","status":"publish","type":"post","link":"https:\/\/www.arkiplot.com\/arkiplotblog\/2020\/10\/15\/comienza-la-temporada-de-calendarios-2021\/","title":{"rendered":"Comienza la temporada de calendarios 2021"},"content":{"rendered":"<p style=\"text-align: center;\"><a href=\"https:\/\/www.arkiplot.com\/arkiplotblog\/wp-content\/uploads\/2020\/10\/calendarios21-bnd.jpg\"><img loading=\"lazy\" decoding=\"async\" class=\"aligncenter size-full wp-image-9605\" src=\"https:\/\/www.arkiplot.com\/arkiplotblog\/wp-content\/uploads\/2020\/10\/calendarios21-bnd.jpg\" alt=\"\" width=\"630\" height=\"180\" srcset=\"https:\/\/www.arkiplot.com\/arkiplotblog\/wp-content\/uploads\/2020\/10\/calendarios21-bnd.jpg 630w, https:\/\/www.arkiplot.com\/arkiplotblog\/wp-content\/uploads\/2020\/10\/calendarios21-bnd-300x86.jpg 300w\" sizes=\"auto, (max-width: 630px) 100vw, 630px\" \/><\/a><\/p>\n<p>Empieza la temporada del <strong>calendario 2021 <\/strong>con la incertidumbre propia de estos tiempos de virus pero con la certeza de que, para muchas empresas y marcas, regalar sus propios calendarios personalizados para el pr\u00f3ximo a\u00f1o entre su clientela es una acci\u00f3n de marketing funcional y econ\u00f3mica que perdura en el tiempo. Por eso los profesionales de las arte gr\u00e1ficas, copister\u00edas y dise\u00f1adores han de empezar a preparar la campa\u00f1a.<\/p>\n<h3>Novedades Arkiplot<\/h3>\n<p><span style=\"font-weight: 400;\"><a href=\"https:\/\/www.arkiplot.com\/producto.php?id=7062\" target=\"_blank\" rel=\"noopener noreferrer\"><img loading=\"lazy\" decoding=\"async\" class=\"alignright\" src=\"https:\/\/www.arkiplot.com\/archivos\/7062\/rh350-big.jpg\" width=\"206\" height=\"173\" \/><\/a>Este a\u00f1o incorporamos novedades en cuanto a maquinaria y productos. Destacamos la hendidora-microperforadora el\u00e9ctrica \u00a0<span style=\"text-decoration: underline;\"><a href=\"https:\/\/www.arkiplot.com\/producto.php?id=7062\" target=\"_blank\" rel=\"noopener noreferrer\"><strong>ArkiMachine RH350<\/strong><\/a><\/span> capaz de hacer hendidos necesarios en los almanaques de sobremesa, y tambi\u00e9n microperforados para los almanaques de faldilla, con una <strong>precisi\u00f3n de 0,3mm<\/strong> en el posicionamiento de las marcas de hendido o microperforado, pudiendo efectuar hasta\u00a0<strong>16 marcas<\/strong> por pliego. Su ancho de trabajo va desde los 30mm hasta los 330mm y admite soportes de hasta 400gr\/m2.\u00a0<\/span><\/p>\n<p>Tambi\u00e9n tenemos otros modelos el\u00e9ctricos de menor coste y precisi\u00f3n pero con buenos resultados como pueden ofrecer la <span style=\"text-decoration: underline;\"><strong><a href=\"https:\/\/www.arkiplot.com\/producto.php?id=4730\" target=\"_blank\" rel=\"noopener noreferrer\">ArkiMachine 460CPE<\/a><\/strong><\/span> con la posibilidad de a\u00f1adir varias ruedas de hendido o microperforado.<\/p>\n<p><span style=\"font-weight: 400;\"><a href=\"https:\/\/www.arkiplot.com\/producto.php?id=7274\" target=\"_blank\" rel=\"noopener noreferrer\"><img loading=\"lazy\" decoding=\"async\" class=\"alignleft wp-image-9609 size-full\" src=\"https:\/\/www.arkiplot.com\/arkiplotblog\/wp-content\/uploads\/2020\/10\/calendarios21-cal.jpg\" alt=\"\" width=\"349\" height=\"261\" srcset=\"https:\/\/www.arkiplot.com\/arkiplotblog\/wp-content\/uploads\/2020\/10\/calendarios21-cal.jpg 349w, https:\/\/www.arkiplot.com\/arkiplotblog\/wp-content\/uploads\/2020\/10\/calendarios21-cal-300x224.jpg 300w\" sizes=\"auto, (max-width: 349px) 100vw, 349px\" \/><\/a>Para aquellos que no quieran complicarse mucho la vida tenemos el <\/span><strong><span style=\"text-decoration: underline;\"><a href=\"https:\/\/www.arkiplot.com\/producto.php?id=7274\" target=\"_blank\" rel=\"noopener noreferrer\">Calendario piramidal\u00a0<\/a><\/span><\/strong><span class=\"scayt-misspell-word\" data-scayt-word=\"pretroquelado\" data-wsc-lang=\"es_ES\" data-wsc-id=\"kfxsmfwvwd5r0ci2g\"><strong>pretroquelado<\/strong> que se presenta en caja de 100 pliegos de cartulina de 230gr\/m2. El cliente solo deber\u00e1 dise\u00f1ar el calendario, imprimirlo con su copiadora o impresora digital de formato SRA3 320x450mm, separar el pretroquelado y pegar. Cada pliego dispone de 2 calendarios. <\/span><span style=\"font-weight: 300;\">Disponemos de plantillas para los principales programas de dise\u00f1o (Illustrator, Indesign, Photoshop y en formato PDF), para que el dise\u00f1ador solo tenga que posicionar.<\/span><\/p>\n<p>El <strong><span style=\"text-decoration: underline;\"><a href=\"https:\/\/www.arkiplot.com\/producto.php?id=7274\" target=\"_blank\" rel=\"noopener noreferrer\">Calendario piramidal\u00a0<\/a><\/span><\/strong><span class=\"scayt-misspell-word\" data-scayt-word=\"pretroquelado\" data-wsc-lang=\"es_ES\" data-wsc-id=\"kfxsmfwvwd5r0ci2g\"><strong>pretroquelado<\/strong><\/span> es compatible con copiadoras digitales <span class=\"scayt-misspell-word\" data-scayt-word=\"Xerox\" data-wsc-lang=\"es_ES\" data-wsc-id=\"kfxsmg02m1421dtz0\">Xerox<\/span>, <span class=\"scayt-misspell-word\" data-scayt-word=\"Ricoh\" data-wsc-lang=\"es_ES\" data-wsc-id=\"kfxsmg004ophwst03\">Ricoh<\/span>, <span class=\"scayt-misspell-word\" data-scayt-word=\"Konica\" data-wsc-lang=\"es_ES\" data-wsc-id=\"kfxsmfzz4jx5rvgad\">Konica<\/span> <span class=\"scayt-misspell-word\" data-scayt-word=\"Minolta\" data-wsc-lang=\"es_ES\" data-wsc-id=\"kfxsmfzxj3eutpne9\">Minolta<\/span>, Canon, etc.<\/p>\n<p>En Arkiplot disponemos de diferentes productos para confeccionar calendarios que podr\u00e1 adquirir en nuestro portal de compras:<\/p>\n<ul>\n<li><a style=\"font-style: normal; font-weight: normal;\" href=\"http:\/\/www.arkiplot.com\/agrupaciones.asp?id=129#W31\" target=\"_blank\" rel=\"noopener noreferrer\">Espirales wire-o<\/a>\u00a0en diferentes colores y dimensiones.<\/li>\n<li><a style=\"font-style: normal; font-weight: normal;\" href=\"http:\/\/www.arkiplot.com\/agrupaciones.asp?id=129#PM.CHW\" target=\"_blank\" rel=\"noopener noreferrer\">Colgadores de calendario<\/a><\/li>\n<li><a href=\"http:\/\/www.arkiplot.com\/listado.asp?id=125\" target=\"_blank\" rel=\"noopener noreferrer\">Encuadernadora de Wire-o<\/a><\/li>\n<li><a href=\"http:\/\/www.arkiplot.com\/agrupaciones.asp?id=129#VRCL\" target=\"_blank\" rel=\"noopener noreferrer\">Varillas de calendario<\/a><\/li>\n<li><a href=\"http:\/\/www.arkiplot.com\/producto.asp?id=4766\" target=\"_blank\" rel=\"noopener noreferrer\">Envarilladora<\/a><\/li>\n<li><a href=\"http:\/\/www.arkiplot.com\/listado.asp?id=240\" target=\"_blank\" rel=\"noopener noreferrer\">Copiadoras digitales<\/a><\/li>\n<li><a href=\"http:\/\/www.arkiplot.com\/agrupaciones.asp?id=247\" target=\"_blank\" rel=\"noopener noreferrer\">Soportes digitales<\/a><\/li>\n<\/ul>\n<p>Este nuevo a\u00f1o, volver a transmitir a nuestros clientes la capacidad que tienen los calendarios de crear conciencia de marca a sus potenciales clientes. Adem\u00e1s de ser importes <strong>deducibles <\/strong>de<span style=\"font-weight: 300;\">\u00a0los impuestos del <\/span><strong>IRPF<\/strong><span style=\"font-weight: 300;\"> e <\/span><strong>impuestos de sociedades<\/strong><span style=\"font-weight: 300;\">.<\/span><\/p>\n<p>&nbsp;<\/p>\n<h3 class='related_post_title'>Art\u00edculos y noticias relacionadas:<\/h3><ul class='related_post'><li><a href=\"https:\/\/www.arkiplot.com\/arkiplotblog\/2018\/11\/28\/comienza-la-temporada-de-calendarios\/\" title=\"Comienza la temporada de calendarios\">Comienza la temporada de calendarios<\/a><\/li><li><a href=\"https:\/\/www.arkiplot.com\/arkiplotblog\/2017\/11\/22\/como-hacer-tus-propios-calendarios\/\" title=\"Como hacer tus propios calendarios\">Como hacer tus propios calendarios<\/a><\/li><li><a href=\"https:\/\/www.arkiplot.com\/arkiplotblog\/2020\/06\/24\/pretroquelados-cartulinas-y-adhesivos-para-digital\/\" title=\"Pretroquelados, cartulinas y adhesivos para Digital\">Pretroquelados, cartulinas y adhesivos para Digital<\/a><\/li><li><a href=\"https:\/\/www.arkiplot.com\/arkiplotblog\/2020\/01\/23\/nuevas-xerox-primelink\/\" title=\"Nuevas Xerox PRIMELINK\u00ae\">Nuevas Xerox PRIMELINK\u00ae<\/a><\/li><li><a href=\"https:\/\/www.arkiplot.com\/arkiplotblog\/2019\/01\/04\/xerox-color-550-con-fiery\/\" title=\"Xerox Color 550 con Fiery\u00ae\">Xerox Color 550 con Fiery\u00ae<\/a><\/li><li><a href=\"https:\/\/www.arkiplot.com\/arkiplotblog\/2018\/11\/13\/papeles-para-digital\/\" title=\"Papeles para Digital\">Papeles para Digital<\/a><\/li><li><a href=\"https:\/\/www.arkiplot.com\/arkiplotblog\/2018\/09\/25\/xerox-c60-prensa-digital-sra3-para-oficina-y-artes-graficas\/\" title=\"Xerox C60 Prensa digital SRA3+ para oficina y artes gr\u00e1ficas\">Xerox C60 Prensa digital SRA3+ para oficina y artes gr\u00e1ficas<\/a><\/li><li><a href=\"https:\/\/www.arkiplot.com\/arkiplotblog\/2025\/02\/14\/canson-infinity-2025-catalogo-y-precios\/\" title=\"Canson Infinity 2025 &#8211; Cat\u00e1logo y precios\">Canson Infinity 2025 &#8211; Cat\u00e1logo y precios<\/a><\/li><\/ul>","protected":false},"excerpt":{"rendered":"<p>Empieza la temporada del calendario 2021 con la incertidumbre propia de estos tiempos de virus pero con la certeza de que, para muchas empresas y marcas, regalar sus propios calendarios&#8230;<\/p>\n","protected":false},"author":1,"featured_media":9613,"comment_status":"closed","ping_status":"closed","sticky":false,"template":"","format":"standard","meta":{"_acf_changed":false,"footnotes":""},"categories":[13],"tags":[344,345,352,346,347,171,388,389,390,348],"class_list":["post-9604","post","type-post","status-publish","format-standard","has-post-thumbnail","hentry","category-noticias_papeleria","tag-almanaque","tag-calendario","tag-copisterias","tag-encuadernado","tag-faldilla","tag-foto","tag-fotocopiadoras","tag-impresorascopiadoras","tag-reprografia","tag-wire-o"],"acf":[],"_links":{"self":[{"href":"https:\/\/www.arkiplot.com\/arkiplotblog\/wp-json\/wp\/v2\/posts\/9604","targetHints":{"allow":["GET"]}}],"collection":[{"href":"https:\/\/www.arkiplot.com\/arkiplotblog\/wp-json\/wp\/v2\/posts"}],"about":[{"href":"https:\/\/www.arkiplot.com\/arkiplotblog\/wp-json\/wp\/v2\/types\/post"}],"author":[{"embeddable":true,"href":"https:\/\/www.arkiplot.com\/arkiplotblog\/wp-json\/wp\/v2\/users\/1"}],"replies":[{"embeddable":true,"href":"https:\/\/www.arkiplot.com\/arkiplotblog\/wp-json\/wp\/v2\/comments?post=9604"}],"version-history":[{"count":9,"href":"https:\/\/www.arkiplot.com\/arkiplotblog\/wp-json\/wp\/v2\/posts\/9604\/revisions"}],"predecessor-version":[{"id":9621,"href":"https:\/\/www.arkiplot.com\/arkiplotblog\/wp-json\/wp\/v2\/posts\/9604\/revisions\/9621"}],"wp:featuredmedia":[{"embeddable":true,"href":"https:\/\/www.arkiplot.com\/arkiplotblog\/wp-json\/wp\/v2\/media\/9613"}],"wp:attachment":[{"href":"https:\/\/www.arkiplot.com\/arkiplotblog\/wp-json\/wp\/v2\/media?parent=9604"}],"wp:term":[{"taxonomy":"category","embeddable":true,"href":"https:\/\/www.arkiplot.com\/arkiplotblog\/wp-json\/wp\/v2\/categories?post=9604"},{"taxonomy":"post_tag","embeddable":true,"href":"https:\/\/www.arkiplot.com\/arkiplotblog\/wp-json\/wp\/v2\/tags?post=9604"}],"curies":[{"name":"wp","href":"https:\/\/api.w.org\/{rel}","templated":true}]}}